[{"@context":"https:\/\/schema.org\/","@type":"Blog","@id":"https:\/\/www.aliamb.cz#Blog","headline":"Aliamb","description":"\nNa na\u0161em webu zast\u00e1v\u00e1me n\u00e1zor, \u017ee kvalita prod\u00e1v\u00e1. A proto\u017ee n\u00e1m jde logicky o skv\u011bl\u00e9 ekonomick\u00e9 v\u00fdsledky, nab\u00edz\u00edme jenom nespornou kvalitu.","url":"https:\/\/www.aliamb.cz","hasPart":[{"@type":"Article","@id":"https:\/\/www.aliamb.cz\/myty-a-fakta-o-repasovanych-hernich-pc\/","headline":"M\u00fdty a fakta o repasovan\u00fdch hern\u00edch PC","url":"https:\/\/www.aliamb.cz\/myty-a-fakta-o-repasovanych-hernich-pc\/","datePublished":"2026-07-12","dateModified":"2026-07-12","mainEntityOfPage":"https:\/\/www.aliamb.cz\/myty-a-fakta-o-repasovanych-hernich-pc\/","author":{"@type":"Person","@id":"https:\/\/www.aliamb.cz\/author\/devene\/#Person","name":"devene","url":"https:\/\/www.aliamb.cz\/author\/devene\/","identifier":1,"image":{"@type":"ImageObject","@id":"https:\/\/secure.gravatar.com\/avatar\/014a645f9f16d49aceddb25e316448c724bd78e7db0ee7a34c29417d5ca39ef1?s=96&d=mm&r=g","url":"https:\/\/secure.gravatar.com\/avatar\/014a645f9f16d49aceddb25e316448c724bd78e7db0ee7a34c29417d5ca39ef1?s=96&d=mm&r=g","height":96,"width":96}},"publisher":{"@type":"Organization","name":"aliamb.cz","logo":{"@type":"ImageObject","@id":"\/logo.png","url":"\/logo.png","width":600,"height":60}},"image":{"@type":"ImageObject","@id":"https:\/\/www.aliamb.cz\/wp-content\/uploads\/Obrazek3_7eaPv2.jpg","url":"https:\/\/www.aliamb.cz\/wp-content\/uploads\/Obrazek3_7eaPv2.jpg","height":0,"width":0},"wordCount":950,"keywords":null},{"@type":"Article","@id":"https:\/\/www.aliamb.cz\/moderni-puvab\/","headline":"Modern\u00ed p\u016fvab","url":"https:\/\/www.aliamb.cz\/moderni-puvab\/","datePublished":"2025-08-30","dateModified":"2025-08-30","mainEntityOfPage":"https:\/\/www.aliamb.cz\/moderni-puvab\/","author":{"@type":"Person","@id":"https:\/\/www.aliamb.cz\/author\/devene\/#Person","name":"devene","url":"https:\/\/www.aliamb.cz\/author\/devene\/","identifier":1,"image":{"@type":"ImageObject","@id":"https:\/\/secure.gravatar.com\/avatar\/014a645f9f16d49aceddb25e316448c724bd78e7db0ee7a34c29417d5ca39ef1?s=96&d=mm&r=g","url":"https:\/\/secure.gravatar.com\/avatar\/014a645f9f16d49aceddb25e316448c724bd78e7db0ee7a34c29417d5ca39ef1?s=96&d=mm&r=g","height":96,"width":96}},"publisher":{"@type":"Organization","name":"aliamb.cz","logo":{"@type":"ImageObject","@id":"\/logo.png","url":"\/logo.png","width":600,"height":60}},"image":null,"wordCount":219,"keywords":null},{"@type":"Article","@id":"https:\/\/www.aliamb.cz\/prvni-krok-ke-spolecnemu-zivotu\/","headline":"Prvn\u00ed krok ke spole\u010dn\u00e9mu \u017eivotu","url":"https:\/\/www.aliamb.cz\/prvni-krok-ke-spolecnemu-zivotu\/","datePublished":"2025-08-20","dateModified":"2025-08-20","mainEntityOfPage":"https:\/\/www.aliamb.cz\/prvni-krok-ke-spolecnemu-zivotu\/","author":{"@type":"Person","@id":"https:\/\/www.aliamb.cz\/author\/devene\/#Person","name":"devene","url":"https:\/\/www.aliamb.cz\/author\/devene\/","identifier":1,"image":{"@type":"ImageObject","@id":"https:\/\/secure.gravatar.com\/avatar\/014a645f9f16d49aceddb25e316448c724bd78e7db0ee7a34c29417d5ca39ef1?s=96&d=mm&r=g","url":"https:\/\/secure.gravatar.com\/avatar\/014a645f9f16d49aceddb25e316448c724bd78e7db0ee7a34c29417d5ca39ef1?s=96&d=mm&r=g","height":96,"width":96}},"publisher":{"@type":"Organization","name":"aliamb.cz","logo":{"@type":"ImageObject","@id":"\/logo.png","url":"\/logo.png","width":600,"height":60}},"image":null,"wordCount":229,"keywords":null},{"@type":"Article","@id":"https:\/\/www.aliamb.cz\/moderni-znackove-vypinace-ktere-jsou-zaroven-krasne-a-bezpecne\/","headline":"Modern\u00ed zna\u010dkov\u00e9 vyp\u00edna\u010de, kter\u00e9 jsou z\u00e1rove\u0148 kr\u00e1sn\u00e9 a bezpe\u010dn\u00e9","url":"https:\/\/www.aliamb.cz\/moderni-znackove-vypinace-ktere-jsou-zaroven-krasne-a-bezpecne\/","datePublished":"2025-08-17","dateModified":"2025-08-17","mainEntityOfPage":"https:\/\/www.aliamb.cz\/moderni-znackove-vypinace-ktere-jsou-zaroven-krasne-a-bezpecne\/","author":{"@type":"Person","@id":"https:\/\/www.aliamb.cz\/author\/devene\/#Person","name":"devene","url":"https:\/\/www.aliamb.cz\/author\/devene\/","identifier":1,"image":{"@type":"ImageObject","@id":"https:\/\/secure.gravatar.com\/avatar\/014a645f9f16d49aceddb25e316448c724bd78e7db0ee7a34c29417d5ca39ef1?s=96&d=mm&r=g","url":"https:\/\/secure.gravatar.com\/avatar\/014a645f9f16d49aceddb25e316448c724bd78e7db0ee7a34c29417d5ca39ef1?s=96&d=mm&r=g","height":96,"width":96}},"publisher":{"@type":"Organization","name":"aliamb.cz","logo":{"@type":"ImageObject","@id":"\/logo.png","url":"\/logo.png","width":600,"height":60}},"image":null,"wordCount":258,"keywords":null},{"@type":"Article","@id":"https:\/\/www.aliamb.cz\/francouzske-karty\/","headline":"Francouzsk\u00e9 karty","url":"https:\/\/www.aliamb.cz\/francouzske-karty\/","datePublished":"2025-08-10","dateModified":"2025-08-10","mainEntityOfPage":"https:\/\/www.aliamb.cz\/francouzske-karty\/","author":{"@type":"Person","@id":"https:\/\/www.aliamb.cz\/author\/devene\/#Person","name":"devene","url":"https:\/\/www.aliamb.cz\/author\/devene\/","identifier":1,"image":{"@type":"ImageObject","@id":"https:\/\/secure.gravatar.com\/avatar\/014a645f9f16d49aceddb25e316448c724bd78e7db0ee7a34c29417d5ca39ef1?s=96&d=mm&r=g","url":"https:\/\/secure.gravatar.com\/avatar\/014a645f9f16d49aceddb25e316448c724bd78e7db0ee7a34c29417d5ca39ef1?s=96&d=mm&r=g","height":96,"width":96}},"publisher":{"@type":"Organization","name":"aliamb.cz","logo":{"@type":"ImageObject","@id":"\/logo.png","url":"\/logo.png","width":600,"height":60}},"image":null,"wordCount":193,"keywords":null},{"@type":"Article","@id":"https:\/\/www.aliamb.cz\/bez-neprijemnosti-a-zbytecnych-stresu\/","headline":"Bez nep\u0159\u00edjemnost\u00ed a zbyte\u010dn\u00fdch stres\u016f","url":"https:\/\/www.aliamb.cz\/bez-neprijemnosti-a-zbytecnych-stresu\/","datePublished":"2025-08-05","dateModified":"2025-08-05","mainEntityOfPage":"https:\/\/www.aliamb.cz\/bez-neprijemnosti-a-zbytecnych-stresu\/","author":{"@type":"Person","@id":"https:\/\/www.aliamb.cz\/author\/devene\/#Person","name":"devene","url":"https:\/\/www.aliamb.cz\/author\/devene\/","identifier":1,"image":{"@type":"ImageObject","@id":"https:\/\/secure.gravatar.com\/avatar\/014a645f9f16d49aceddb25e316448c724bd78e7db0ee7a34c29417d5ca39ef1?s=96&d=mm&r=g","url":"https:\/\/secure.gravatar.com\/avatar\/014a645f9f16d49aceddb25e316448c724bd78e7db0ee7a34c29417d5ca39ef1?s=96&d=mm&r=g","height":96,"width":96}},"publisher":{"@type":"Organization","name":"aliamb.cz","logo":{"@type":"ImageObject","@id":"\/logo.png","url":"\/logo.png","width":600,"height":60}},"image":null,"wordCount":205,"keywords":null},{"@type":"Article","@id":"https:\/\/www.aliamb.cz\/jste-spravna-hospodynka\/","headline":"Jste spr\u00e1vn\u00e1 hospody\u0148ka?","url":"https:\/\/www.aliamb.cz\/jste-spravna-hospodynka\/","datePublished":"2025-07-27","dateModified":"2025-07-27","mainEntityOfPage":"https:\/\/www.aliamb.cz\/jste-spravna-hospodynka\/","author":{"@type":"Person","@id":"https:\/\/www.aliamb.cz\/author\/devene\/#Person","name":"devene","url":"https:\/\/www.aliamb.cz\/author\/devene\/","identifier":1,"image":{"@type":"ImageObject","@id":"https:\/\/secure.gravatar.com\/avatar\/014a645f9f16d49aceddb25e316448c724bd78e7db0ee7a34c29417d5ca39ef1?s=96&d=mm&r=g","url":"https:\/\/secure.gravatar.com\/avatar\/014a645f9f16d49aceddb25e316448c724bd78e7db0ee7a34c29417d5ca39ef1?s=96&d=mm&r=g","height":96,"width":96}},"publisher":{"@type":"Organization","name":"aliamb.cz","logo":{"@type":"ImageObject","@id":"\/logo.png","url":"\/logo.png","width":600,"height":60}},"image":null,"wordCount":213,"keywords":null},{"@type":"Article","@id":"https:\/\/www.aliamb.cz\/nevahejte-a-sverte-se-do-nasich-rukou\/","headline":"Nev\u00e1hejte a sv\u011b\u0159te se do na\u0161ich rukou","url":"https:\/\/www.aliamb.cz\/nevahejte-a-sverte-se-do-nasich-rukou\/","datePublished":"2025-07-22","dateModified":"2025-07-22","mainEntityOfPage":"https:\/\/www.aliamb.cz\/nevahejte-a-sverte-se-do-nasich-rukou\/","author":{"@type":"Person","@id":"https:\/\/www.aliamb.cz\/author\/devene\/#Person","name":"devene","url":"https:\/\/www.aliamb.cz\/author\/devene\/","identifier":1,"image":{"@type":"ImageObject","@id":"https:\/\/secure.gravatar.com\/avatar\/014a645f9f16d49aceddb25e316448c724bd78e7db0ee7a34c29417d5ca39ef1?s=96&d=mm&r=g","url":"https:\/\/secure.gravatar.com\/avatar\/014a645f9f16d49aceddb25e316448c724bd78e7db0ee7a34c29417d5ca39ef1?s=96&d=mm&r=g","height":96,"width":96}},"publisher":{"@type":"Organization","name":"aliamb.cz","logo":{"@type":"ImageObject","@id":"\/logo.png","url":"\/logo.png","width":600,"height":60}},"image":null,"wordCount":209,"keywords":null},{"@type":"Article","@id":"https:\/\/www.aliamb.cz\/cesta-do-hlavniho-mesta-bude-vysneny-cil\/","headline":"Cesta do hlavn\u00edho m\u011bsta bude vysn\u011bn\u00fd c\u00edl!","url":"https:\/\/www.aliamb.cz\/cesta-do-hlavniho-mesta-bude-vysneny-cil\/","datePublished":"2025-07-17","dateModified":"2025-07-17","mainEntityOfPage":"https:\/\/www.aliamb.cz\/cesta-do-hlavniho-mesta-bude-vysneny-cil\/","author":{"@type":"Person","@id":"https:\/\/www.aliamb.cz\/author\/devene\/#Person","name":"devene","url":"https:\/\/www.aliamb.cz\/author\/devene\/","identifier":1,"image":{"@type":"ImageObject","@id":"https:\/\/secure.gravatar.com\/avatar\/014a645f9f16d49aceddb25e316448c724bd78e7db0ee7a34c29417d5ca39ef1?s=96&d=mm&r=g","url":"https:\/\/secure.gravatar.com\/avatar\/014a645f9f16d49aceddb25e316448c724bd78e7db0ee7a34c29417d5ca39ef1?s=96&d=mm&r=g","height":96,"width":96}},"publisher":{"@type":"Organization","name":"aliamb.cz","logo":{"@type":"ImageObject","@id":"\/logo.png","url":"\/logo.png","width":600,"height":60}},"image":null,"wordCount":196,"keywords":null},{"@type":"Article","@id":"https:\/\/www.aliamb.cz\/perfektni-informace-pro-vsechny\/","headline":"Perfektn\u00ed informace pro v\u0161echny","url":"https:\/\/www.aliamb.cz\/perfektni-informace-pro-vsechny\/","datePublished":"2025-07-09","dateModified":"2025-07-09","mainEntityOfPage":"https:\/\/www.aliamb.cz\/perfektni-informace-pro-vsechny\/","author":{"@type":"Person","@id":"https:\/\/www.aliamb.cz\/author\/devene\/#Person","name":"devene","url":"https:\/\/www.aliamb.cz\/author\/devene\/","identifier":1,"image":{"@type":"ImageObject","@id":"https:\/\/secure.gravatar.com\/avatar\/014a645f9f16d49aceddb25e316448c724bd78e7db0ee7a34c29417d5ca39ef1?s=96&d=mm&r=g","url":"https:\/\/secure.gravatar.com\/avatar\/014a645f9f16d49aceddb25e316448c724bd78e7db0ee7a34c29417d5ca39ef1?s=96&d=mm&r=g","height":96,"width":96}},"publisher":{"@type":"Organization","name":"aliamb.cz","logo":{"@type":"ImageObject","@id":"\/logo.png","url":"\/logo.png","width":600,"height":60}},"image":null,"wordCount":220,"keywords":null}]},{"@context":"https:\/\/schema.org","@type":"WebSite","@id":"https:\/\/www.aliamb.cz\/#website","name":"Aliamb","url":"https:\/\/www.aliamb.cz","potentialAction":{"@type":"SearchAction","target":"https:\/\/www.aliamb.cz\/?s={search_term_string}","query-input":"required name=search_term_string"}}]