[{"@context":"https:\/\/schema.org\/","@type":"Article","@id":"https:\/\/www.aliamb.cz\/dreveny-pristresek-na-auto-vam-bude-stacit\/#Article","mainEntityOfPage":"https:\/\/www.aliamb.cz\/dreveny-pristresek-na-auto-vam-bude-stacit\/","headline":"D\u0159ev\u011bn\u00fd p\u0159\u00edst\u0159e\u0161ek na auto v\u00e1m bude sta\u010dit","name":"D\u0159ev\u011bn\u00fd p\u0159\u00edst\u0159e\u0161ek na auto v\u00e1m bude sta\u010dit","description":"Pro\u010d n\u00e1m bude sta\u010dit pouh\u00fd d\u0159ev\u011bn\u00fd p\u0159\u00edst\u0159e\u0161ek na auto? Na tuto ot\u00e1zku existuje n\u011bkolik odpov\u011bd\u00ed. Za prv\u00e9, bav\u00edme se tu o cen\u011b p\u0159\u00edst\u0159e\u0161ku a cen\u011b<span class=\"more-button\"><a href=\"https:\/\/www.aliamb.cz\/dreveny-pristresek-na-auto-vam-bude-stacit\/\" class=\"more-link\">P\u0159e\u010d\u00edst \u010dl\u00e1nek<span class=\"screen-reader-text\">D\u0159ev\u011bn\u00fd p\u0159\u00edst\u0159e\u0161ek na auto v\u00e1m bude sta\u010dit<\/span><\/a><\/a>","datePublished":"2022-07-08","dateModified":"2022-07-08","author":{"@type":"Person","@id":"https:\/\/www.aliamb.cz\/author\/devene\/#Person","name":"devene","url":"https:\/\/www.aliamb.cz\/author\/devene\/","identifier":1,"image":{"@type":"ImageObject","@id":"https:\/\/secure.gravatar.com\/avatar\/014a645f9f16d49aceddb25e316448c724bd78e7db0ee7a34c29417d5ca39ef1?s=96&d=mm&r=g","url":"https:\/\/secure.gravatar.com\/avatar\/014a645f9f16d49aceddb25e316448c724bd78e7db0ee7a34c29417d5ca39ef1?s=96&d=mm&r=g","height":96,"width":96}},"publisher":{"@type":"Organization","name":"aliamb.cz","logo":{"@type":"ImageObject","@id":"\/logo.png","url":"\/logo.png","width":600,"height":60}},"image":{"@type":"ImageObject","@id":"https:\/\/www.aliamb.cz\/wp-content\/uploads\/property-7046997_640_2.jpg","url":"https:\/\/www.aliamb.cz\/wp-content\/uploads\/property-7046997_640_2.jpg","height":0,"width":0},"url":"https:\/\/www.aliamb.cz\/dreveny-pristresek-na-auto-vam-bude-stacit\/","wordCount":458,"articleBody":"   Pro\u010d n\u00e1m bude sta\u010dit pouh\u00fd d\u0159ev\u011bn\u00fd p\u0159\u00edst\u0159e\u0161ek na auto? Na tuto ot\u00e1zku existuje n\u011bkolik odpov\u011bd\u00ed. Za prv\u00e9, bav\u00edme se tu o cen\u011b p\u0159\u00edst\u0159e\u0161ku a cen\u011b gar\u00e1\u017ee. To jsou dva nesrovnateln\u00e9 \u00fadaje, tak\u017ee pokud nem\u00e1te nebo nehodl\u00e1te investovat velkou sumu do gar\u00e1\u017eov\u00e1n\u00ed vozidla, ani\u017e byste byli p\u0159esv\u011bd\u010deni o vhodnosti gar\u00e1\u017ee, d\u0159ev\u011bn\u00fd p\u0159\u00edst\u0159e\u0161ek by v\u00e1m mohl naplnit va\u0161e o\u010dek\u00e1v\u00e1n\u00ed za mnohon\u00e1sobn\u011b ni\u017e\u0161\u00ed pen\u00edze.Za druh\u00e9 \u2013 co o\u010dek\u00e1v\u00e1te od gar\u00e1\u017ee a co od p\u0159\u00edst\u0159e\u0161ku. Pokud stav\u00edte d\u016fm a gar\u00e1\u017e je jeho sou\u010d\u00e1st\u00ed, nap\u0159. v p\u0159\u00edzem\u00ed, s t\u00edm, \u017ee prvn\u00ed patro je obytn\u00e9, anebo je gar\u00e1\u017e sou\u010d\u00e1st\u00ed p\u0159\u00edzemn\u00edho objektu, a m\u00e1te v \u00famyslu gar\u00e1\u017e vyt\u00e1p\u011bt, pak m\u00e1te jasn\u00fd argument, kter\u00fd ji zv\u00fdhod\u0148uje v\u016f\u010di p\u0159\u00edst\u0159e\u0161ku. Vyt\u00e1p\u011bn\u00e1 gar\u00e1\u017e toti\u017e m\u016f\u017ee z\u00e1rove\u0148 slou\u017eit jako d\u00edlna, sklad v\u011bc\u00ed s vestav\u011bnou sk\u0159\u00edn\u00ed, se sprchov\u00fdm koutem a toaletou. Vytvo\u0159\u00edte tak z gar\u00e1\u017ee obytn\u00fd prostor a vozidlo ulo\u017een\u00e9 v teple l\u00e9pe odol\u00e1v\u00e1 korozi.Pokud ov\u0161em stav\u00edte gar\u00e1\u017e mimo d\u016fm, nezateplenou a nevyt\u00e1p\u011bnou, \u017e\u00e1dn\u00e9 extra v\u00fdhody v\u016f\u010di p\u0159\u00edst\u0159e\u0161ku to nem\u00e1.Za t\u0159et\u00ed \u2013 nevyt\u00e1p\u011bn\u00e1 gar\u00e1\u017e chr\u00e1n\u00ed vozidlo p\u0159ed v\u011btrem, de\u0161t\u011bm, sn\u011bhem a tvorbou p\u0159\u00edm\u00e9 n\u00e1mrazy \u010di ledu, ale to sam\u00e9 um\u00ed i p\u0159\u00edst\u0159e\u0161ek, a za men\u0161\u00ed pen\u00edze. P\u0159\u00edst\u0159e\u0161ek m\u016f\u017ee b\u00fdt zast\u0159e\u0161en\u00fd a kryt\u00fd z\u00e1st\u011bnou z nejv\u00edce exponovan\u00e9 sv\u011btov\u00e9 strany, odkud vanou v\u011btry a v\u016fz ohro\u017euj\u00ed p\u0159\u00edvalov\u00e9 sr\u00e1\u017eky. P\u0159\u00edst\u0159e\u0161ky se z\u00e1st\u011bnami chr\u00e1n\u00ed vozidlo i p\u0159ed prachem a drobn\u00fdmi kam\u00ednky, kter\u00e9 poletuj\u00ed vzduchem a mohou na voze po\u0161kr\u00e1bat karos\u00e9rii.Za \u010dtvrt\u00e9 \u2013 kr\u00e1de\u017e. T\u00e9 nezabr\u00e1n\u00ed ani uzam\u010den\u00e1 gar\u00e1\u017e. Amat\u00e9rsk\u00fd zlod\u011bj si porad\u00ed i v tomto p\u0159\u00edpad\u011b a organizovan\u00e9 skupiny dnes neodrad\u00ed v\u016fbec nic, vniknou v\u00e1m i do zabezpe\u010den\u00e9 gar\u00e1\u017ee, vozidlo odvezou na nezn\u00e1m\u00e9 m\u00edsto a tam jej demontuj\u00ed na n\u00e1hradn\u00ed d\u00edly, kter\u00e9 se pak rozprod\u00e1vaj\u00ed na \u010dern\u00e9m trhu, co\u017e pr\u00fd vyjde v\u00fdhodn\u011bji, ne\u017e prodej cel\u00e9ho kraden\u00e9ho auta. Mnohem d\u016fle\u017eit\u011bj\u0161\u00ed je v\u016fz zabezpe\u010dit mechanicky a elektronicky a m\u00edt jej pod dohledem, ne\u017e spol\u00e9hat na zdivo gar\u00e1\u017ee.                                                                                                                                                                                                                                                                                                                                                                                          3.4\/5 - (5 votes)        "},{"@context":"https:\/\/schema.org\/","@type":"BreadcrumbList","itemListElement":[{"@type":"ListItem","position":1,"name":"D\u0159ev\u011bn\u00fd p\u0159\u00edst\u0159e\u0161ek na auto v\u00e1m bude sta\u010dit","item":"https:\/\/www.aliamb.cz\/dreveny-pristresek-na-auto-vam-bude-stacit\/#breadcrumbitem"}]}]