[{"@context":"https:\/\/schema.org\/","@type":"Article","@id":"https:\/\/www.aliamb.cz\/kdo-by-je-mohl-mit-rad\/#Article","mainEntityOfPage":"https:\/\/www.aliamb.cz\/kdo-by-je-mohl-mit-rad\/","headline":"Kdo by je mohl m\u00edt r\u00e1d?","name":"Kdo by je mohl m\u00edt r\u00e1d?","description":"Kdy\u017e m\u00e1 n\u011bjak\u00e9 zv\u00ed\u0159e hebk\u00fd ko\u017e\u00ed\u0161ek a nep\u016fsob\u00ed na n\u00e1s ani trochu nebezpe\u010dn\u00fdm dojmem, m\u016f\u017eeme nab\u00fdt dojmu, \u017ee jde o roztomil\u00e9 zv\u00ed\u0159\u00e1tko. A to m\u016f\u017eeme<span class=\"more-button\"><a href=\"https:\/\/www.aliamb.cz\/kdo-by-je-mohl-mit-rad\/\" class=\"more-link\">P\u0159e\u010d\u00edst \u010dl\u00e1nek<span class=\"screen-reader-text\">Kdo by je mohl m\u00edt r\u00e1d?<\/span><\/a><\/a>","datePublished":"2024-12-16","dateModified":"2024-12-16","author":{"@type":"Person","@id":"https:\/\/www.aliamb.cz\/author\/devene\/#Person","name":"devene","url":"https:\/\/www.aliamb.cz\/author\/devene\/","identifier":1,"image":{"@type":"ImageObject","@id":"https:\/\/secure.gravatar.com\/avatar\/014a645f9f16d49aceddb25e316448c724bd78e7db0ee7a34c29417d5ca39ef1?s=96&d=mm&r=g","url":"https:\/\/secure.gravatar.com\/avatar\/014a645f9f16d49aceddb25e316448c724bd78e7db0ee7a34c29417d5ca39ef1?s=96&d=mm&r=g","height":96,"width":96}},"publisher":{"@type":"Organization","name":"aliamb.cz","logo":{"@type":"ImageObject","@id":"\/logo.png","url":"\/logo.png","width":600,"height":60}},"image":{"@type":"ImageObject","@id":"https:\/\/www.aliamb.cz\/wp-content\/uploads\/mmmm_6.jpg","url":"https:\/\/www.aliamb.cz\/wp-content\/uploads\/mmmm_6.jpg","height":0,"width":0},"url":"https:\/\/www.aliamb.cz\/kdo-by-je-mohl-mit-rad\/","about":["Spole\u010dnosti"],"wordCount":448,"articleBody":"   Kdy\u017e m\u00e1 n\u011bjak\u00e9 zv\u00ed\u0159e hebk\u00fd ko\u017e\u00ed\u0161ek a nep\u016fsob\u00ed na n\u00e1s ani trochu nebezpe\u010dn\u00fdm dojmem, m\u016f\u017eeme nab\u00fdt dojmu, \u017ee jde o roztomil\u00e9 zv\u00ed\u0159\u00e1tko. A to m\u016f\u017eeme m\u00edt r\u00e1di. Ale plat\u00ed to skute\u010dn\u011b jenom v n\u011bkter\u00fdch p\u0159\u00edpadech. M\u00edv\u00e1me tak r\u00e1di t\u0159eba ko\u010dky nebo psy. Ale jakkoliv jsou hlodavci teoreticky je\u0161t\u011b p\u0159ijateln\u011bj\u0161\u00ed ne\u017e psi a ko\u010dky, proto\u017ee jsou nav\u00edc men\u0161\u00ed a na pohled ne\u0161kodn\u011bj\u0161\u00ed, je my lid\u00e9 obvykle zrovna v l\u00e1sce nem\u00e1me. Mo\u017en\u00e1 jsme je\u0161t\u011b ochotni zm\u011bnit n\u00e1zor v p\u0159\u00edpad\u011b laboratorn\u00edch my\u0161\u00ed nebo doma pro na\u0161e pot\u011b\u0161en\u00ed chovan\u00fdch hlodavc\u016f, ale ti ostatn\u00ed u\u017e se na\u0161\u00ed p\u0159\u00edzni net\u011b\u0161\u00ed. N\u011bkdo je pak nem\u00e1 r\u00e1d intuitivn\u011b, t\u0159eba proto, \u017ee se jich \u0161t\u00edt\u00ed, n\u011bkdo ale i od\u016fvodn\u011bn\u011b, proto\u017ee se dob\u0159e v\u00ed, \u017ee takov\u00ed divoce \u017eij\u00edc\u00ed hlodavci mohou b\u00fdt i p\u0159ena\u0161e\u010di n\u00e1kaz a \u0161k\u016fdci na na\u0161em majetku.V\u0161ichni v\u00edme, \u017ee se takov\u00ed hlodavci mno\u017e\u00ed t\u0159eba u popelnic nebo v kanalizaci. Tam se jim toti\u017e d\u00edky n\u00e1m lidem dost\u00e1v\u00e1 dostatku potravy, tak\u017ee si tam lebed\u00ed. A kdy\u017e pak takov\u00ed hlodavci jenom trochu popob\u011bhnou, m\u016f\u017eeme je m\u00edt klidn\u011b v tu r\u00e1nu i doma. A kdy\u017e se tu s n\u00e1mi zabydl\u00ed, je zle. Ni\u010d\u00ed nebo kontaminuj\u00ed potraviny, rozhlod\u00e1vaj\u00ed to, co je tu vyrobeno t\u0159eba ze d\u0159eva nebo jin\u00fdch m\u011bk\u010d\u00edch materi\u00e1l\u016f, z\u016fst\u00e1v\u00e1 tu po nich trus\u2026Tak\u017ee je u sebe ur\u010dit\u011b m\u00edt nechceme. Ale d\u00e1 se s nimi n\u011bjak rozumn\u011b domluvit? Jasn\u011b, \u017ee ned\u00e1. Tito hlodavci si d\u011blaj\u00ed to, co se jim zl\u00edb\u00ed. A abychom na jejich mno\u017een\u00ed se a \u017eit\u00ed nedopl\u00e1celi my lid\u00e9, mus\u00edme jim zamezovat v p\u0159\u00edstupu do na\u0161ich objekt\u016f. A tak\u00e9 je mus\u00edme hubit. Co\u017e se sice ne v\u017edycky da\u0159\u00ed, ale jinak to prost\u011b nejde.A proto\u017ee jsou n\u011bkter\u00e9 druhy hlodavc\u016f dost inteligentn\u00ed a opatrn\u00e9, je z\u00e1hodno povolat na huben\u00ed my\u0161\u00ed https:\/\/www.dezimex.cz\/deratizace\/. Proto\u017ee jen profesion\u00e1ln\u00ed deratiz\u00e9\u0159i v\u011bd\u00ed, jak na to, oni dok\u00e1\u017eou s nezvan\u00fdmi tvory bojovat nejl\u00e9pe. A n\u00e1m se pak d\u00edky nim l\u00e9pe \u017eije. Dokud se k n\u00e1m nezab\u011bhnou nov\u00ed hlodavci, kter\u00fdm se tu zal\u00edb\u00ed. A cht\u011bli by tu s n\u00e1mi proti na\u0161\u00ed v\u016fli tak\u00e9 z\u016fstat.                                                                                                                                                                                                                                                                                                                                                                                          4\/5 - (10 votes)        "},{"@context":"https:\/\/schema.org\/","@type":"BreadcrumbList","itemListElement":[{"@type":"ListItem","position":1,"name":"Kdo by je mohl m\u00edt r\u00e1d?","item":"https:\/\/www.aliamb.cz\/kdo-by-je-mohl-mit-rad\/#breadcrumbitem"}]}]