[{"@context":"https:\/\/schema.org\/","@type":"Blog","@id":"https:\/\/www.aliamb.cz#Blog","headline":"Aliamb","description":"\nNa na\u0161em webu zast\u00e1v\u00e1me n\u00e1zor, \u017ee kvalita prod\u00e1v\u00e1. A proto\u017ee n\u00e1m jde logicky o skv\u011bl\u00e9 ekonomick\u00e9 v\u00fdsledky, nab\u00edz\u00edme jenom nespornou kvalitu.","url":"https:\/\/www.aliamb.cz","hasPart":[{"@type":"Article","@id":"https:\/\/www.aliamb.cz\/na-co-se-pripravit-pred-porodem\/","headline":"Na co se p\u0159ipravit p\u0159ed porodem?","url":"https:\/\/www.aliamb.cz\/na-co-se-pripravit-pred-porodem\/","datePublished":"2024-10-18","dateModified":"2024-10-18","mainEntityOfPage":"https:\/\/www.aliamb.cz\/na-co-se-pripravit-pred-porodem\/","author":{"@type":"Person","@id":"https:\/\/www.aliamb.cz\/author\/devene\/#Person","name":"devene","url":"https:\/\/www.aliamb.cz\/author\/devene\/","identifier":1,"image":{"@type":"ImageObject","@id":"https:\/\/secure.gravatar.com\/avatar\/014a645f9f16d49aceddb25e316448c724bd78e7db0ee7a34c29417d5ca39ef1?s=96&d=mm&r=g","url":"https:\/\/secure.gravatar.com\/avatar\/014a645f9f16d49aceddb25e316448c724bd78e7db0ee7a34c29417d5ca39ef1?s=96&d=mm&r=g","height":96,"width":96}},"publisher":{"@type":"Organization","name":"aliamb.cz","logo":{"@type":"ImageObject","@id":"\/logo.png","url":"\/logo.png","width":600,"height":60}},"image":{"@type":"ImageObject","@id":"https:\/\/www.aliamb.cz\/wp-content\/uploads\/baby-743247_640_3.jpg","url":"https:\/\/www.aliamb.cz\/wp-content\/uploads\/baby-743247_640_3.jpg","height":0,"width":0},"wordCount":680,"keywords":null},{"@type":"Article","@id":"https:\/\/www.aliamb.cz\/kam-s-vecmi\/","headline":"Kam s v\u011bcmi","url":"https:\/\/www.aliamb.cz\/kam-s-vecmi\/","datePublished":"2024-10-14","dateModified":"2024-10-14","mainEntityOfPage":"https:\/\/www.aliamb.cz\/kam-s-vecmi\/","author":{"@type":"Person","@id":"https:\/\/www.aliamb.cz\/author\/devene\/#Person","name":"devene","url":"https:\/\/www.aliamb.cz\/author\/devene\/","identifier":1,"image":{"@type":"ImageObject","@id":"https:\/\/secure.gravatar.com\/avatar\/014a645f9f16d49aceddb25e316448c724bd78e7db0ee7a34c29417d5ca39ef1?s=96&d=mm&r=g","url":"https:\/\/secure.gravatar.com\/avatar\/014a645f9f16d49aceddb25e316448c724bd78e7db0ee7a34c29417d5ca39ef1?s=96&d=mm&r=g","height":96,"width":96}},"publisher":{"@type":"Organization","name":"aliamb.cz","logo":{"@type":"ImageObject","@id":"\/logo.png","url":"\/logo.png","width":600,"height":60}},"image":{"@type":"ImageObject","@id":"https:\/\/www.aliamb.cz\/wp-content\/uploads\/bed-1839184_640_10_10_10_10_1.jpg","url":"https:\/\/www.aliamb.cz\/wp-content\/uploads\/bed-1839184_640_10_10_10_10_1.jpg","height":0,"width":0},"wordCount":669,"keywords":null},{"@type":"Article","@id":"https:\/\/www.aliamb.cz\/vyzdobte-detem-jejich-pokoj-bavlnou\/","headline":"Vyzdobte d\u011btem jejich pokoj bavlnou","url":"https:\/\/www.aliamb.cz\/vyzdobte-detem-jejich-pokoj-bavlnou\/","datePublished":"2024-10-11","dateModified":"2024-10-11","mainEntityOfPage":"https:\/\/www.aliamb.cz\/vyzdobte-detem-jejich-pokoj-bavlnou\/","author":{"@type":"Person","@id":"https:\/\/www.aliamb.cz\/author\/devene\/#Person","name":"devene","url":"https:\/\/www.aliamb.cz\/author\/devene\/","identifier":1,"image":{"@type":"ImageObject","@id":"https:\/\/secure.gravatar.com\/avatar\/014a645f9f16d49aceddb25e316448c724bd78e7db0ee7a34c29417d5ca39ef1?s=96&d=mm&r=g","url":"https:\/\/secure.gravatar.com\/avatar\/014a645f9f16d49aceddb25e316448c724bd78e7db0ee7a34c29417d5ca39ef1?s=96&d=mm&r=g","height":96,"width":96}},"publisher":{"@type":"Organization","name":"aliamb.cz","logo":{"@type":"ImageObject","@id":"\/logo.png","url":"\/logo.png","width":600,"height":60}},"image":{"@type":"ImageObject","@id":"https:\/\/www.aliamb.cz\/wp-content\/uploads\/towel-1838210_640.jpg","url":"https:\/\/www.aliamb.cz\/wp-content\/uploads\/towel-1838210_640.jpg","height":0,"width":0},"wordCount":607,"keywords":null},{"@type":"Article","@id":"https:\/\/www.aliamb.cz\/reklamni-mikina-jako-darek-na-skoleni\/","headline":"Reklamn\u00ed mikina jako d\u00e1rek na \u0161kolen\u00ed","url":"https:\/\/www.aliamb.cz\/reklamni-mikina-jako-darek-na-skoleni\/","datePublished":"2024-10-06","dateModified":"2024-10-06","mainEntityOfPage":"https:\/\/www.aliamb.cz\/reklamni-mikina-jako-darek-na-skoleni\/","author":{"@type":"Person","@id":"https:\/\/www.aliamb.cz\/author\/devene\/#Person","name":"devene","url":"https:\/\/www.aliamb.cz\/author\/devene\/","identifier":1,"image":{"@type":"ImageObject","@id":"https:\/\/secure.gravatar.com\/avatar\/014a645f9f16d49aceddb25e316448c724bd78e7db0ee7a34c29417d5ca39ef1?s=96&d=mm&r=g","url":"https:\/\/secure.gravatar.com\/avatar\/014a645f9f16d49aceddb25e316448c724bd78e7db0ee7a34c29417d5ca39ef1?s=96&d=mm&r=g","height":96,"width":96}},"publisher":{"@type":"Organization","name":"aliamb.cz","logo":{"@type":"ImageObject","@id":"\/logo.png","url":"\/logo.png","width":600,"height":60}},"image":{"@type":"ImageObject","@id":"https:\/\/www.aliamb.cz\/wp-content\/uploads\/textile-7409685_640.jpg","url":"https:\/\/www.aliamb.cz\/wp-content\/uploads\/textile-7409685_640.jpg","height":0,"width":0},"wordCount":687,"keywords":null},{"@type":"Article","@id":"https:\/\/www.aliamb.cz\/byt-a-najem\/","headline":"Byt a n\u00e1jem","url":"https:\/\/www.aliamb.cz\/byt-a-najem\/","datePublished":"2024-09-30","dateModified":"2024-09-30","mainEntityOfPage":"https:\/\/www.aliamb.cz\/byt-a-najem\/","author":{"@type":"Person","@id":"https:\/\/www.aliamb.cz\/author\/devene\/#Person","name":"devene","url":"https:\/\/www.aliamb.cz\/author\/devene\/","identifier":1,"image":{"@type":"ImageObject","@id":"https:\/\/secure.gravatar.com\/avatar\/014a645f9f16d49aceddb25e316448c724bd78e7db0ee7a34c29417d5ca39ef1?s=96&d=mm&r=g","url":"https:\/\/secure.gravatar.com\/avatar\/014a645f9f16d49aceddb25e316448c724bd78e7db0ee7a34c29417d5ca39ef1?s=96&d=mm&r=g","height":96,"width":96}},"publisher":{"@type":"Organization","name":"aliamb.cz","logo":{"@type":"ImageObject","@id":"\/logo.png","url":"\/logo.png","width":600,"height":60}},"image":{"@type":"ImageObject","@id":"https:\/\/www.aliamb.cz\/wp-content\/uploads\/brick-wall-1850095_960_720_3.jpg","url":"https:\/\/www.aliamb.cz\/wp-content\/uploads\/brick-wall-1850095_960_720_3.jpg","height":0,"width":0},"wordCount":520,"keywords":null},{"@type":"Article","@id":"https:\/\/www.aliamb.cz\/jak-poznat-ze-konicek-je-skodlivy\/","headline":"Jak poznat, \u017ee koni\u010dek je \u0161kodliv\u00fd","url":"https:\/\/www.aliamb.cz\/jak-poznat-ze-konicek-je-skodlivy\/","datePublished":"2024-09-29","dateModified":"2024-09-29","mainEntityOfPage":"https:\/\/www.aliamb.cz\/jak-poznat-ze-konicek-je-skodlivy\/","author":{"@type":"Person","@id":"https:\/\/www.aliamb.cz\/author\/devene\/#Person","name":"devene","url":"https:\/\/www.aliamb.cz\/author\/devene\/","identifier":1,"image":{"@type":"ImageObject","@id":"https:\/\/secure.gravatar.com\/avatar\/014a645f9f16d49aceddb25e316448c724bd78e7db0ee7a34c29417d5ca39ef1?s=96&d=mm&r=g","url":"https:\/\/secure.gravatar.com\/avatar\/014a645f9f16d49aceddb25e316448c724bd78e7db0ee7a34c29417d5ca39ef1?s=96&d=mm&r=g","height":96,"width":96}},"publisher":{"@type":"Organization","name":"aliamb.cz","logo":{"@type":"ImageObject","@id":"\/logo.png","url":"\/logo.png","width":600,"height":60}},"image":{"@type":"ImageObject","@id":"https:\/\/www.aliamb.cz\/wp-content\/uploads\/hazard1_3.jpg","url":"https:\/\/www.aliamb.cz\/wp-content\/uploads\/hazard1_3.jpg","height":0,"width":0},"wordCount":523,"keywords":null},{"@type":"Article","@id":"https:\/\/www.aliamb.cz\/v-cene-pronajmu-leseni-muze-byt-i-jeho-montaz\/","headline":"V cen\u011b pron\u00e1jmu le\u0161en\u00ed m\u016f\u017ee b\u00fdt i jeho mont\u00e1\u017e","url":"https:\/\/www.aliamb.cz\/v-cene-pronajmu-leseni-muze-byt-i-jeho-montaz\/","datePublished":"2024-09-23","dateModified":"2024-09-23","mainEntityOfPage":"https:\/\/www.aliamb.cz\/v-cene-pronajmu-leseni-muze-byt-i-jeho-montaz\/","author":{"@type":"Person","@id":"https:\/\/www.aliamb.cz\/author\/devene\/#Person","name":"devene","url":"https:\/\/www.aliamb.cz\/author\/devene\/","identifier":1,"image":{"@type":"ImageObject","@id":"https:\/\/secure.gravatar.com\/avatar\/014a645f9f16d49aceddb25e316448c724bd78e7db0ee7a34c29417d5ca39ef1?s=96&d=mm&r=g","url":"https:\/\/secure.gravatar.com\/avatar\/014a645f9f16d49aceddb25e316448c724bd78e7db0ee7a34c29417d5ca39ef1?s=96&d=mm&r=g","height":96,"width":96}},"publisher":{"@type":"Organization","name":"aliamb.cz","logo":{"@type":"ImageObject","@id":"\/logo.png","url":"\/logo.png","width":600,"height":60}},"image":{"@type":"ImageObject","@id":"https:\/\/www.aliamb.cz\/wp-content\/uploads\/construction-site-3559660_640.jpg","url":"https:\/\/www.aliamb.cz\/wp-content\/uploads\/construction-site-3559660_640.jpg","height":0,"width":0},"wordCount":672,"keywords":null},{"@type":"Article","@id":"https:\/\/www.aliamb.cz\/do-spiny-lide-nevlezou\/","headline":"Do \u0161p\u00edny lid\u00e9 nevlezou","url":"https:\/\/www.aliamb.cz\/do-spiny-lide-nevlezou\/","datePublished":"2024-09-22","dateModified":"2024-09-22","mainEntityOfPage":"https:\/\/www.aliamb.cz\/do-spiny-lide-nevlezou\/","author":{"@type":"Person","@id":"https:\/\/www.aliamb.cz\/author\/devene\/#Person","name":"devene","url":"https:\/\/www.aliamb.cz\/author\/devene\/","identifier":1,"image":{"@type":"ImageObject","@id":"https:\/\/secure.gravatar.com\/avatar\/014a645f9f16d49aceddb25e316448c724bd78e7db0ee7a34c29417d5ca39ef1?s=96&d=mm&r=g","url":"https:\/\/secure.gravatar.com\/avatar\/014a645f9f16d49aceddb25e316448c724bd78e7db0ee7a34c29417d5ca39ef1?s=96&d=mm&r=g","height":96,"width":96}},"publisher":{"@type":"Organization","name":"aliamb.cz","logo":{"@type":"ImageObject","@id":"\/logo.png","url":"\/logo.png","width":600,"height":60}},"image":{"@type":"ImageObject","@id":"https:\/\/www.aliamb.cz\/wp-content\/uploads\/bbb_10_10_3.jpg","url":"https:\/\/www.aliamb.cz\/wp-content\/uploads\/bbb_10_10_3.jpg","height":0,"width":0},"wordCount":619,"keywords":null},{"@type":"Article","@id":"https:\/\/www.aliamb.cz\/nizkoenergeticke-domy-chytre-reseni-vaseho-bydleni\/","headline":"N\u00edzkoenergetick\u00e9 domy &#8211; chytr\u00e9 \u0159e\u0161en\u00ed va\u0161eho bydlen\u00ed","url":"https:\/\/www.aliamb.cz\/nizkoenergeticke-domy-chytre-reseni-vaseho-bydleni\/","datePublished":"2024-09-18","dateModified":"2024-09-18","mainEntityOfPage":"https:\/\/www.aliamb.cz\/nizkoenergeticke-domy-chytre-reseni-vaseho-bydleni\/","author":{"@type":"Person","@id":"https:\/\/www.aliamb.cz\/author\/devene\/#Person","name":"devene","url":"https:\/\/www.aliamb.cz\/author\/devene\/","identifier":1,"image":{"@type":"ImageObject","@id":"https:\/\/secure.gravatar.com\/avatar\/014a645f9f16d49aceddb25e316448c724bd78e7db0ee7a34c29417d5ca39ef1?s=96&d=mm&r=g","url":"https:\/\/secure.gravatar.com\/avatar\/014a645f9f16d49aceddb25e316448c724bd78e7db0ee7a34c29417d5ca39ef1?s=96&d=mm&r=g","height":96,"width":96}},"publisher":{"@type":"Organization","name":"aliamb.cz","logo":{"@type":"ImageObject","@id":"\/logo.png","url":"\/logo.png","width":600,"height":60}},"image":{"@type":"ImageObject","@id":"https:\/\/www.aliamb.cz\/wp-content\/uploads\/phil-hearing-IYfp2Ixe9nM-unsplash%20(1).jpg","url":"https:\/\/www.aliamb.cz\/wp-content\/uploads\/phil-hearing-IYfp2Ixe9nM-unsplash%20(1).jpg","height":0,"width":0},"wordCount":522,"keywords":null},{"@type":"Article","@id":"https:\/\/www.aliamb.cz\/najdi-v-sobe-silu\/","headline":"Najdi v sob\u011b s\u00edlu","url":"https:\/\/www.aliamb.cz\/najdi-v-sobe-silu\/","datePublished":"2024-08-30","dateModified":"2024-08-30","mainEntityOfPage":"https:\/\/www.aliamb.cz\/najdi-v-sobe-silu\/","author":{"@type":"Person","@id":"https:\/\/www.aliamb.cz\/author\/devene\/#Person","name":"devene","url":"https:\/\/www.aliamb.cz\/author\/devene\/","identifier":1,"image":{"@type":"ImageObject","@id":"https:\/\/secure.gravatar.com\/avatar\/014a645f9f16d49aceddb25e316448c724bd78e7db0ee7a34c29417d5ca39ef1?s=96&d=mm&r=g","url":"https:\/\/secure.gravatar.com\/avatar\/014a645f9f16d49aceddb25e316448c724bd78e7db0ee7a34c29417d5ca39ef1?s=96&d=mm&r=g","height":96,"width":96}},"publisher":{"@type":"Organization","name":"aliamb.cz","logo":{"@type":"ImageObject","@id":"\/logo.png","url":"\/logo.png","width":600,"height":60}},"image":{"@type":"ImageObject","@id":"https:\/\/www.aliamb.cz\/wp-content\/uploads\/vztah_4.jpg","url":"https:\/\/www.aliamb.cz\/wp-content\/uploads\/vztah_4.jpg","height":0,"width":0},"wordCount":597,"keywords":null}]},{"@context":"https:\/\/schema.org","@type":"WebSite","@id":"https:\/\/www.aliamb.cz\/#website","name":"Aliamb","url":"https:\/\/www.aliamb.cz","potentialAction":{"@type":"SearchAction","target":"https:\/\/www.aliamb.cz\/?s={search_term_string}","query-input":"required name=search_term_string"}}]