{"@context":"https:\/\/schema.org\/","@type":"CollectionPage","@id":"https:\/\/www.aliamb.cz\/politika\/#CollectionPage","headline":"Politika Category","description":"","url":"https:\/\/www.aliamb.cz\/politika\/","hasPart":[{"@type":"Article","@id":"https:\/\/www.aliamb.cz\/chudak-obcan\/","headline":"Chud\u00e1k ob\u010dan","url":"https:\/\/www.aliamb.cz\/chudak-obcan\/","datePublished":"2023-08-31","dateModified":"2023-08-31","mainEntityOfPage":"https:\/\/www.aliamb.cz\/chudak-obcan\/","author":{"@type":"Person","@id":"https:\/\/www.aliamb.cz\/author\/devene\/#Person","name":"devene","url":"https:\/\/www.aliamb.cz\/author\/devene\/","identifier":1,"image":{"@type":"ImageObject","@id":"https:\/\/secure.gravatar.com\/avatar\/014a645f9f16d49aceddb25e316448c724bd78e7db0ee7a34c29417d5ca39ef1?s=96&d=mm&r=g","url":"https:\/\/secure.gravatar.com\/avatar\/014a645f9f16d49aceddb25e316448c724bd78e7db0ee7a34c29417d5ca39ef1?s=96&d=mm&r=g","height":96,"width":96}},"publisher":{"@type":"Organization","name":"aliamb.cz","logo":{"@type":"ImageObject","@id":"\/logo.png","url":"\/logo.png","width":600,"height":60}},"image":{"@type":"ImageObject","@id":"https:\/\/www.aliamb.cz\/wp-content\/uploads\/london-90782_640.jpg","url":"https:\/\/www.aliamb.cz\/wp-content\/uploads\/london-90782_640.jpg","height":0,"width":0},"keywords":null},{"@type":"Article","@id":"https:\/\/www.aliamb.cz\/co-predchazi-zalozeni-politicke-strany\/","headline":"Co p\u0159edch\u00e1z\u00ed zalo\u017een\u00ed politick\u00e9 strany","url":"https:\/\/www.aliamb.cz\/co-predchazi-zalozeni-politicke-strany\/","datePublished":"2023-04-28","dateModified":"2024-03-28","mainEntityOfPage":"https:\/\/www.aliamb.cz\/co-predchazi-zalozeni-politicke-strany\/","author":{"@type":"Person","@id":"https:\/\/www.aliamb.cz\/author\/devene\/#Person","name":"devene","url":"https:\/\/www.aliamb.cz\/author\/devene\/","identifier":1,"image":{"@type":"ImageObject","@id":"https:\/\/secure.gravatar.com\/avatar\/014a645f9f16d49aceddb25e316448c724bd78e7db0ee7a34c29417d5ca39ef1?s=96&d=mm&r=g","url":"https:\/\/secure.gravatar.com\/avatar\/014a645f9f16d49aceddb25e316448c724bd78e7db0ee7a34c29417d5ca39ef1?s=96&d=mm&r=g","height":96,"width":96}},"publisher":{"@type":"Organization","name":"aliamb.cz","logo":{"@type":"ImageObject","@id":"\/logo.png","url":"\/logo.png","width":600,"height":60}},"image":{"@type":"ImageObject","@id":"https:\/\/www.aliamb.cz\/wp-content\/uploads\/politics-2361943_1280_1.jpg","url":"https:\/\/www.aliamb.cz\/wp-content\/uploads\/politics-2361943_1280_1.jpg","height":0,"width":0},"keywords":null},{"@type":"Article","@id":"https:\/\/www.aliamb.cz\/svetova-politika\/","headline":"Sv\u011btov\u00e1 politika","url":"https:\/\/www.aliamb.cz\/svetova-politika\/","datePublished":"2023-02-20","dateModified":"2023-04-25","mainEntityOfPage":"https:\/\/www.aliamb.cz\/svetova-politika\/","author":{"@type":"Person","@id":"https:\/\/www.aliamb.cz\/author\/devene\/#Person","name":"devene","url":"https:\/\/www.aliamb.cz\/author\/devene\/","identifier":1,"image":{"@type":"ImageObject","@id":"https:\/\/secure.gravatar.com\/avatar\/014a645f9f16d49aceddb25e316448c724bd78e7db0ee7a34c29417d5ca39ef1?s=96&d=mm&r=g","url":"https:\/\/secure.gravatar.com\/avatar\/014a645f9f16d49aceddb25e316448c724bd78e7db0ee7a34c29417d5ca39ef1?s=96&d=mm&r=g","height":96,"width":96}},"publisher":{"@type":"Organization","name":"aliamb.cz","logo":{"@type":"ImageObject","@id":"\/logo.png","url":"\/logo.png","width":600,"height":60}},"image":{"@type":"ImageObject","@id":"https:\/\/www.aliamb.cz\/wp-content\/uploads\/globe-2489596_960_720.jpg","url":"https:\/\/www.aliamb.cz\/wp-content\/uploads\/globe-2489596_960_720.jpg","height":0,"width":0},"keywords":null},{"@type":"Article","@id":"https:\/\/www.aliamb.cz\/jak-je-to-s-politikou\/","headline":"Jak je to s politikou?","url":"https:\/\/www.aliamb.cz\/jak-je-to-s-politikou\/","datePublished":"2023-01-27","dateModified":"2023-09-28","mainEntityOfPage":"https:\/\/www.aliamb.cz\/jak-je-to-s-politikou\/","author":{"@type":"Person","@id":"https:\/\/www.aliamb.cz\/author\/devene\/#Person","name":"devene","url":"https:\/\/www.aliamb.cz\/author\/devene\/","identifier":1,"image":{"@type":"ImageObject","@id":"https:\/\/secure.gravatar.com\/avatar\/014a645f9f16d49aceddb25e316448c724bd78e7db0ee7a34c29417d5ca39ef1?s=96&d=mm&r=g","url":"https:\/\/secure.gravatar.com\/avatar\/014a645f9f16d49aceddb25e316448c724bd78e7db0ee7a34c29417d5ca39ef1?s=96&d=mm&r=g","height":96,"width":96}},"publisher":{"@type":"Organization","name":"aliamb.cz","logo":{"@type":"ImageObject","@id":"\/logo.png","url":"\/logo.png","width":600,"height":60}},"image":{"@type":"ImageObject","@id":"https:\/\/www.aliamb.cz\/wp-content\/uploads\/bundestag-2463236_1280.jpg","url":"https:\/\/www.aliamb.cz\/wp-content\/uploads\/bundestag-2463236_1280.jpg","height":0,"width":0},"keywords":null}]}