[{"@context":"https:\/\/schema.org\/","@type":"Article","@id":"https:\/\/www.aliamb.cz\/pro-osobni-nakupy\/#Article","mainEntityOfPage":"https:\/\/www.aliamb.cz\/pro-osobni-nakupy\/","headline":"Pro osobn\u00ed n\u00e1kupy","name":"Pro osobn\u00ed n\u00e1kupy","description":"D\u00edky v\u0161em mo\u017en\u00fdm jev\u016fm a faktor\u016fm ve spole\u010dnosti a ekonomice je velmi patrn\u00e9, \u017ee ceny skute\u010dn\u011b v\u0161eho st\u00e1le stoupaj\u00ed. A\u0165 ji\u017e jde o bydlen\u00ed, tedy<span class=\"more-button\"><a href=\"https:\/\/www.aliamb.cz\/pro-osobni-nakupy\/\" class=\"more-link\">P\u0159e\u010d\u00edst \u010dl\u00e1nek<span class=\"screen-reader-text\">Pro osobn\u00ed n\u00e1kupy<\/span><\/a><\/a>","datePublished":"2025-04-25","dateModified":"2025-04-25","author":{"@type":"Person","@id":"https:\/\/www.aliamb.cz\/author\/devene\/#Person","name":"devene","url":"https:\/\/www.aliamb.cz\/author\/devene\/","identifier":1,"image":{"@type":"ImageObject","@id":"https:\/\/secure.gravatar.com\/avatar\/014a645f9f16d49aceddb25e316448c724bd78e7db0ee7a34c29417d5ca39ef1?s=96&d=mm&r=g","url":"https:\/\/secure.gravatar.com\/avatar\/014a645f9f16d49aceddb25e316448c724bd78e7db0ee7a34c29417d5ca39ef1?s=96&d=mm&r=g","height":96,"width":96}},"publisher":{"@type":"Organization","name":"aliamb.cz","logo":{"@type":"ImageObject","@id":"\/logo.png","url":"\/logo.png","width":600,"height":60}},"url":"https:\/\/www.aliamb.cz\/pro-osobni-nakupy\/","wordCount":216,"articleBody":" D\u00edky v\u0161em mo\u017en\u00fdm jev\u016fm a faktor\u016fm ve spole\u010dnosti a ekonomice je velmi patrn\u00e9, \u017ee ceny skute\u010dn\u011b v\u0161eho st\u00e1le stoupaj\u00ed. A\u0165 ji\u017e jde o bydlen\u00ed, tedy n\u00e1jemn\u00e9 a nezbytn\u00e9 slu\u017eby, nebo o ceny potravin a b\u011b\u017en\u00fdch v\u011bc\u00ed. Je tedy nutno p\u0159ehodnotit, kter\u00e9 v\u00fddaje jsou nutn\u00e9 a na kter\u00fdch by se dalo u\u0161et\u0159it. Mo\u017en\u00e1 dojdete k z\u00e1v\u011bru, \u017ee osobn\u00ed v\u016fz je pro V\u00e1s moment\u00e1ln\u011b naprosto postradateln\u00fd a m\u016f\u017eete jej tedy pomoc\u00ed motoinzerce v\u00fdhodn\u011b prodat. Motoinzerce M\u016f\u017eete b\u00fdt lid\u00e9 v d\u016fchodov\u00e9m v\u011bku, pro n\u011b\u017e je \u017eivot v n\u00e1jemn\u00edm byt\u011b v dne\u0161n\u00edch dnech skute\u010dn\u011b velmi n\u00e1kladn\u00fd. M\u016f\u017eete b\u00fdt naopak mlad\u00e1 rodina, kdy maminka je na mate\u0159sk\u00e9 a jeliko\u017e je o pr\u00e1ci nouze, pot\u0159ebujete mimo\u0159\u00e1dnou finan\u010dn\u00ed \u010d\u00e1stku na p\u0159eklenut\u00ed jist\u00e9 doby. A\u0165 tak \u010di tak, motoinzerce V\u00e1m umo\u017en\u00ed snadn\u00fd a v\u00fdhodn\u00fd prodej v\u0161eho, co m\u00e1 kola. Snadn\u00fd prodej Inzer\u00e1ty ve v\u0161ech rubrik\u00e1ch motoinzerce jsou t\u00edm nejlep\u0161\u00edm \u0159e\u0161en\u00edm, pokud chcete co nejv\u00fdhodn\u011bji prodat sv\u016fj v\u016fz, motocykl \u010di mnoho dal\u0161\u00edho.                                                                                                                                                                                                                                                                                                                                                                                                "},{"@context":"https:\/\/schema.org\/","@type":"BreadcrumbList","itemListElement":[{"@type":"ListItem","position":1,"name":"Pro osobn\u00ed n\u00e1kupy","item":"https:\/\/www.aliamb.cz\/pro-osobni-nakupy\/#breadcrumbitem"}]}]