[{"@context":"https:\/\/schema.org\/","@type":"Article","@id":"https:\/\/www.aliamb.cz\/prvni-krok-ke-spolecnemu-zivotu\/#Article","mainEntityOfPage":"https:\/\/www.aliamb.cz\/prvni-krok-ke-spolecnemu-zivotu\/","headline":"Prvn\u00ed krok ke spole\u010dn\u00e9mu \u017eivotu","name":"Prvn\u00ed krok ke spole\u010dn\u00e9mu \u017eivotu","description":"\u010cek\u00e1 v\u00e1s slavnostn\u00ed vstup do stavu man\u017eelsk\u00e9ho? Chcete, aby v\u0161e prob\u011bhlo dle tradic\u00ed a i host\u00e9 se c\u00edtili dob\u0159e? V tom p\u0159\u00edpad\u011b nezapome\u0148te ani na<span class=\"more-button\"><a href=\"https:\/\/www.aliamb.cz\/prvni-krok-ke-spolecnemu-zivotu\/\" class=\"more-link\">P\u0159e\u010d\u00edst \u010dl\u00e1nek<span class=\"screen-reader-text\">Prvn\u00ed krok ke spole\u010dn\u00e9mu \u017eivotu<\/span><\/a><\/a>","datePublished":"2025-08-20","dateModified":"2025-08-20","author":{"@type":"Person","@id":"https:\/\/www.aliamb.cz\/author\/devene\/#Person","name":"devene","url":"https:\/\/www.aliamb.cz\/author\/devene\/","identifier":1,"image":{"@type":"ImageObject","@id":"https:\/\/secure.gravatar.com\/avatar\/014a645f9f16d49aceddb25e316448c724bd78e7db0ee7a34c29417d5ca39ef1?s=96&d=mm&r=g","url":"https:\/\/secure.gravatar.com\/avatar\/014a645f9f16d49aceddb25e316448c724bd78e7db0ee7a34c29417d5ca39ef1?s=96&d=mm&r=g","height":96,"width":96}},"publisher":{"@type":"Organization","name":"aliamb.cz","logo":{"@type":"ImageObject","@id":"\/logo.png","url":"\/logo.png","width":600,"height":60}},"url":"https:\/\/www.aliamb.cz\/prvni-krok-ke-spolecnemu-zivotu\/","wordCount":189,"articleBody":"\u010cek\u00e1 v\u00e1s slavnostn\u00ed vstup do stavu man\u017eelsk\u00e9ho? Chcete, aby v\u0161e prob\u011bhlo dle tradic\u00ed a i host\u00e9 se c\u00edtili dob\u0159e? V tom p\u0159\u00edpad\u011b nezapome\u0148te ani na svatebn\u00ed ozn\u00e1men\u00ed. D\u016fle\u017eit\u00e1 sou\u010d\u00e1st v\u0161eho, co se va\u0161eho velk\u00e9ho dne t\u00fd\u010de. Nejen kr\u00e1sn\u00e9 \u0161at, oblek, \u010di kytka jsou v\u011bci d\u016fle\u017eit\u00e9, ale pr\u00e1v\u011b i forma, jako sv\u011btu sd\u011bl\u00edte, \u017ee se chcete vz\u00edt. Jednoduch\u00e9 a stylov\u00e9 se zlat\u00fdm p\u00edsmem nebo barevn\u00e9 s kr\u00e1sn\u00fdm ver\u0161em? Doj\u00edmav\u00e9 a slavnostn\u00ed I p\u0159es to, \u017ee dne\u0161n\u00ed doba nab\u00edz\u00ed mnoho modern\u00edch vymo\u017eenost\u00ed, kter\u00e9 denn\u011b vyu\u017e\u00edv\u00e1me, po\u0159\u00e1d se je\u0161t\u011b zachovali tradice, kter\u00e9 jsou sou\u010d\u00e1st\u00ed zvl\u00e1\u0161tn\u00edch p\u0159\u00edle\u017eitost\u00ed. Pro\u010d d\u00e1vat na v\u011bdom\u00ed p\u0159\u00e1tel\u016fm a p\u0159\u00edbuzn\u00fdm, \u017ee se chcete vz\u00edt vzkazem z mobilu nebo na soci\u00e1ln\u00edch s\u00edt\u00edch? Tradice, kter\u00e1 vyu\u017e\u00edv\u00e1 i nad\u00e1le svatebn\u00ed ozn\u00e1men\u00ed, je p\u0159ece jenom mnohem slavnostn\u011bj\u0161\u00ed a vzne\u0161en\u011bj\u0161\u00ed.                                                                                                                                                                                                                                                                                                                                                                                                "},{"@context":"https:\/\/schema.org\/","@type":"BreadcrumbList","itemListElement":[{"@type":"ListItem","position":1,"name":"Prvn\u00ed krok ke spole\u010dn\u00e9mu \u017eivotu","item":"https:\/\/www.aliamb.cz\/prvni-krok-ke-spolecnemu-zivotu\/#breadcrumbitem"}]}]