[{"@context":"https:\/\/schema.org\/","@type":"Article","@id":"https:\/\/www.aliamb.cz\/uzivat-si-je-dulezite\/#Article","mainEntityOfPage":"https:\/\/www.aliamb.cz\/uzivat-si-je-dulezite\/","headline":"U\u017e\u00edvat si je d\u016fle\u017eit\u00e9","name":"U\u017e\u00edvat si je d\u016fle\u017eit\u00e9","description":"P\u0159em\u00fd\u0161l\u00edte nad t\u00edm, kam byste se tento rok mohli vydat? I kdy\u017e je sez\u00f3na letn\u00edch dovolen\u00fdch je\u0161t\u011b daleko, v\u017edy se vyplat\u00ed myslet dop\u0159edu, a to<span class=\"more-button\"><a href=\"https:\/\/www.aliamb.cz\/uzivat-si-je-dulezite\/\" class=\"more-link\">P\u0159e\u010d\u00edst \u010dl\u00e1nek<span class=\"screen-reader-text\">U\u017e\u00edvat si je d\u016fle\u017eit\u00e9<\/span><\/a><\/a>","datePublished":"2025-09-04","dateModified":"2025-09-04","author":{"@type":"Person","@id":"https:\/\/www.aliamb.cz\/author\/devene\/#Person","name":"devene","url":"https:\/\/www.aliamb.cz\/author\/devene\/","identifier":1,"image":{"@type":"ImageObject","@id":"https:\/\/secure.gravatar.com\/avatar\/014a645f9f16d49aceddb25e316448c724bd78e7db0ee7a34c29417d5ca39ef1?s=96&d=mm&r=g","url":"https:\/\/secure.gravatar.com\/avatar\/014a645f9f16d49aceddb25e316448c724bd78e7db0ee7a34c29417d5ca39ef1?s=96&d=mm&r=g","height":96,"width":96}},"publisher":{"@type":"Organization","name":"aliamb.cz","logo":{"@type":"ImageObject","@id":"\/logo.png","url":"\/logo.png","width":600,"height":60}},"url":"https:\/\/www.aliamb.cz\/uzivat-si-je-dulezite\/","wordCount":242,"articleBody":"P\u0159em\u00fd\u0161l\u00edte nad t\u00edm, kam byste se tento rok mohli vydat? I kdy\u017e je sez\u00f3na letn\u00edch dovolen\u00fdch je\u0161t\u011b daleko, v\u017edy se vyplat\u00ed myslet dop\u0159edu, a to t\u0159eba na sez\u00f3nu dop\u0159edu a vybrat si n\u011bco, co by se v\u00e1m mohlo pozd\u011bji l\u00edbit. T\u00edm ur\u010dit\u011b bude jak samotn\u00e9 m\u00edsto, tak i ubytov\u00e1n\u00ed, kter\u00e9 si budete moci v dan\u00e9 lokalit\u011b dop\u0159\u00e1t. Kdy\u017e se rozhodnete jet do Chorvatska, pak byste se m\u011bli p\u0159ipravit na vyb\u00edr\u00e1n\u00ed ubytov\u00e1n\u00ed, kter\u00e9 pro v\u00e1s bude nejvhodn\u011bj\u0161\u00ed. Dobrou mo\u017enost\u00ed jsou apartm\u00e1ny Chorvatsko, kter\u00e9 nejsou nijak p\u0159epychov\u00e9, ale i tak v\u00e1m toho mohou splnit hodn\u011b. V\u0161echna p\u0159\u00e1n\u00ed budou vysly\u0161ena Nebojte se vyu\u017e\u00edt objekty, kter\u00e9 nezn\u00e1te. Kdy\u017e jsou prov\u011b\u0159en\u00e9, ur\u010dit\u011b nab\u00eddnou zaj\u00edmav\u00e9 ubytov\u00e1n\u00ed jak pro v\u00e1s, tak va\u0161e p\u0159\u00e1tele \u010di rodinu. Nemus\u00edte ani chv\u00edli v\u00e1hat, dop\u0159\u00e1t si kvalitn\u00ed dovolenou je v dne\u0161n\u00ed dob\u011b skute\u010dn\u011b dostupn\u00e9. Zkuste to tak\u00e9 a nebudete litovat. U\u017e\u00edvat si je d\u016fle\u017eit\u00e9, a to hlavn\u011b v modern\u00ed dob\u011b, kdy je v\u0161echno tak zrychlen\u00e9, \u017ee ani nem\u00e1te \u010das na to se chv\u00edli zastavit a u\u017e\u00edvat si kr\u00e1sy p\u0159\u00edrody, \u010di t\u0159eba po\u017eitku. Vyrazit do t\u00e9to zem\u011b se zkr\u00e1tka vyplat\u00ed.                                                                                                                                                                                                                                                                                                                                                                                                "},{"@context":"https:\/\/schema.org\/","@type":"BreadcrumbList","itemListElement":[{"@type":"ListItem","position":1,"name":"U\u017e\u00edvat si je d\u016fle\u017eit\u00e9","item":"https:\/\/www.aliamb.cz\/uzivat-si-je-dulezite\/#breadcrumbitem"}]}]